{"id":2314,"date":"2022-11-10T09:29:45","date_gmt":"2022-11-10T08:29:45","guid":{"rendered":"https:\/\/buressa.com\/es\/?p=2314"},"modified":"2022-11-21T08:23:36","modified_gmt":"2022-11-21T07:23:36","slug":"viiia-jornada-tecnica-bures","status":"publish","type":"post","link":"https:\/\/buressa.com\/es\/viiia-jornada-tecnica-bures\/","title":{"rendered":"VIII\u00aa Jornada T\u00e8cnica Bur\u00e9s"},"content":{"rendered":"<p style=\"text-align: center;\">\u00a0JARINDERIA DE BAIX CONSUM D\u2019AIGUA<br \/>\nAlternativa sostenible a la jardineria tradicional<\/p>\n<p style=\"text-align: justify;\">El proper dimecres 23 de novembre tindr\u00e0 lloc la VIII\u00aa Jornada T\u00e8cnica Bur\u00e9s sota el t\u00edtol de &#8220;JARDINERIA DE BAIX CONSUM, Alternativa sostenible a la jardineria tradicional&#8221;.<\/p>\n<p style=\"text-align: justify;\">L\u2019augment de les temperatures que han fulminat r\u00e8cords hist\u00f2rics i els continuats episodis de sequera s\u00f3n cada cop m\u00e9s comuns. Per tal de redu\u00efr l\u2019\u00fas excessiu dels recursos han sorgit moviments m\u00e9s sostenibles d\u2019entendre la jardineria. Una corrent que va sorgir als anys 80 arrel de les sequeres de California i Colorado \u00e9s la jardineria de baix consum d&#8217;aigua i que ara torna a estar d\u2019actualitat per apostar per un consum d\u2019aigua m\u00e9s controlat.<\/p>\n<p style=\"text-align: justify;\">Diferents experts en la mat\u00e8ria ens explicaran les \u00faltimes novetats i les t\u00e8cniques m\u00e9s innovadores per realitzar jardins sostenibles amb plantes adaptades a climes secs i estalviar despeses d&#8217;aigua i manteniment.<\/p>\n<p>&nbsp;<\/p>\n<p style=\"text-align: left;\"><strong>Programa VIIIa Jornada T\u00e8cnica Bur\u00e9s<\/strong><\/p>\n<p style=\"text-align: left;\">09:30 &#8211; 10:15\u00a0 \u00a0Esmorzar benvinguda<br \/>\n10:15 &#8211; 10:30\u00a0 \u00a0Presentaci\u00f3 Jornada<br \/>\n10:30 &#8211; 11:10\u00a0 \u00a01a pon\u00e8ncia<br \/>\n11:10 &#8211; 11:50\u00a0 \u00a02a pon\u00e8ncia<br \/>\n11:50 &#8211; 12:05\u00a0 \u00a0Descans<br \/>\n12:05 &#8211; 12:45\u00a0 \u00a03a pon\u00e8ncia<br \/>\n12:45 &#8211; 13:25\u00a0 \u00a04a pon\u00e8ncia<br \/>\n13:25 &#8211; 13:45\u00a0 \u00a0Cloenda Jornada<br \/>\n13:45 &#8211; 15:15\u00a0 \u00a0Dinar<\/p>\n<p>&nbsp;<\/p>\n<p style=\"text-align: left;\">L&#8217;acc\u00e8s \u00e9s totalment lliure per\u00f2 agra\u00efrem que confirmeu la vostra assist\u00e8ncia<\/p>\n<p style=\"text-align: left;\"><div role=\"form\" class=\"wpcf7\" id=\"wpcf7-f126-o1\" lang=\"es-ES\" dir=\"ltr\">\n<div class=\"screen-reader-response\"><p role=\"status\" aria-live=\"polite\" aria-atomic=\"true\"><\/p> <ul><\/ul><\/div>\n<form action=\"\/es\/wp-json\/wp\/v2\/posts\/2314#wpcf7-f126-o1\" method=\"post\" class=\"wpcf7-form init\" novalidate=\"novalidate\" data-status=\"init\">\n<div style=\"display: none;\">\n<input type=\"hidden\" name=\"_wpcf7\" value=\"126\" \/>\n<input type=\"hidden\" name=\"_wpcf7_version\" value=\"5.6.4\" \/>\n<input type=\"hidden\" name=\"_wpcf7_locale\" value=\"es_ES\" \/>\n<input type=\"hidden\" name=\"_wpcf7_unit_tag\" value=\"wpcf7-f126-o1\" \/>\n<input type=\"hidden\" name=\"_wpcf7_container_post\" value=\"0\" \/>\n<input type=\"hidden\" name=\"_wpcf7_posted_data_hash\" value=\"\" \/>\n<\/div>\n<p><label> Nom<br \/>\n<span class=\"wpcf7-form-control-wrap\" data-name=\"your-name\"><input type=\"text\" name=\"your-name\" value=\"\" size=\"40\" class=\"wpcf7-form-control wpcf7-text\" aria-invalid=\"false\" \/><\/span> <\/label><\/p>\n<p><label> Email<br \/>\n<span class=\"wpcf7-form-control-wrap\" data-name=\"your-email\"><input type=\"email\" name=\"your-email\" value=\"\" size=\"40\" class=\"wpcf7-form-control wpcf7-text wpcf7-email wpcf7-validates-as-email\" aria-invalid=\"false\" \/><\/span> <\/label><\/p>\n<p><label> Tel\u00e8fon<br \/>\n<span class=\"wpcf7-form-control-wrap\" data-name=\"your-phone\"><input type=\"text\" name=\"your-phone\" value=\"\" size=\"40\" class=\"wpcf7-form-control wpcf7-text\" aria-invalid=\"false\" \/><\/span> <\/label><\/p>\n<p><label> Empresa<br \/>\n<span class=\"wpcf7-form-control-wrap\" data-name=\"your-company\"><input type=\"text\" name=\"your-company\" value=\"\" size=\"40\" class=\"wpcf7-form-control wpcf7-text\" aria-invalid=\"false\" \/><\/span> <\/label><\/p>\n<p><label> C\u00e0rrec<br \/>\n<span class=\"wpcf7-form-control-wrap\" data-name=\"your-position\"><input type=\"text\" name=\"your-position\" value=\"\" size=\"40\" class=\"wpcf7-form-control wpcf7-text\" aria-invalid=\"false\" \/><\/span> <\/label><\/p>\n<p class=\"aiowps-captcha hide-when-displaying-tfa-input\"><label for=\"aiowps-captcha-answer-69ef831e658fe\">Por favor, introduce una respuesta en d\u00edgitos:<\/label>\n<div class=\"aiowps-captcha-equation hide-when-displaying-tfa-input\"><strong>13 &#43; 17 = <input type=\"hidden\" name=\"aiowps-captcha-string-info\" class=\"aiowps-captcha-string-info\" value=\"bpxrcyyad8\" \/><input type=\"hidden\" name=\"aiowps-captcha-temp-string\" class=\"aiowps-captcha-temp-string\" value=\"1777304350\" \/><input type=\"text\" size=\"2\" id=\"aiowps-captcha-answer-69ef831e658fe\" class=\"aiowps-captcha-answer\" name=\"aiowps-captcha-answer\" value=\"\" autocomplete=\"off\" \/><\/strong><\/div>\n<p><span class='wpcf7-form-control-wrap' data-name='aiowps-captcha'><\/span><input type=\"submit\" value=\"Enviar\" class=\"wpcf7-form-control has-spinner wpcf7-submit\" \/><\/p>\n<p style=\"display: none !important;\"><label>&#916;<textarea name=\"_wpcf7_ak_hp_textarea\" cols=\"45\" rows=\"8\" maxlength=\"100\"><\/textarea><\/label><input type=\"hidden\" id=\"ak_js_1\" name=\"_wpcf7_ak_js\" value=\"74\"\/><script>document.getElementById( \"ak_js_1\" ).setAttribute( \"value\", ( new Date() ).getTime() );<\/script><\/p><input type='hidden' class='wpcf7-pum' value='{\"closepopup\":false,\"closedelay\":0,\"openpopup\":false,\"openpopup_id\":0}' \/><div class=\"wpcf7-response-output\" aria-hidden=\"true\"><\/div><\/form><\/div>\n<p>&nbsp;<\/p>\n<p>&nbsp;<\/p>\n<p>&nbsp;<\/p>\n<p>&nbsp;","protected":false},"excerpt":{"rendered":"<p>\u00a0JARINDERIA DE BAIX CONSUM D\u2019AIGUA Alternativa sostenible a la jardineria tradicional El proper dimecres 23 de novembre tindr\u00e0 lloc la VIII\u00aa Jornada T\u00e8cnica Bur\u00e9s sota el t\u00edtol de &#8220;JARDINERIA DE BAIX CONSUM, Alternativa sostenible a la jardineria tradicional&#8221;. L\u2019augment de les temperatures que han fulminat r\u00e8cords hist\u00f2rics i els continuats episodis de sequera s\u00f3n cada&#8230;<\/p>\n","protected":false},"author":1,"featured_media":2316,"comment_status":"open","ping_status":"open","sticky":false,"template":"","format":"standard","meta":[],"categories":[198,92,86,13],"tags":[311,308,309,312,310],"yoast_head":"<!-- This site is optimized with the Yoast SEO plugin v19.10 - https:\/\/yoast.com\/wordpress\/plugins\/seo\/ -->\n<title>VIII\u00aa Jornada T\u00e8cnica Bur\u00e9s - Bur\u00e9s S.A.U.<\/title>\n<meta name=\"robots\" content=\"index, follow, max-snippet:-1, max-image-preview:large, max-video-preview:-1\" \/>\n<link rel=\"canonical\" href=\"https:\/\/buressa.com\/es\/?p=2314\" \/>\n<meta property=\"og:locale\" content=\"es_ES\" \/>\n<meta property=\"og:type\" content=\"article\" \/>\n<meta property=\"og:title\" content=\"[:es]VIII\u00aa Jornada T\u00e8cnica Bur\u00e9s[:ca]VIII\u00aa Jornada T\u00e9cnica Bur\u00e9s[:] - Bur\u00e9s S.A.U.\" \/>\n<meta property=\"og:description\" content=\"\u00a0JARINDERIA DE BAIX CONSUM D\u2019AIGUA Alternativa sostenible a la jardineria tradicional El proper dimecres 23 de novembre tindr\u00e0 lloc la VIII\u00aa Jornada T\u00e8cnica Bur\u00e9s sota el t\u00edtol de &#8220;JARDINERIA DE BAIX CONSUM, Alternativa sostenible a la jardineria tradicional&#8221;. L\u2019augment de les temperatures que han fulminat r\u00e8cords hist\u00f2rics i els continuats episodis de sequera s\u00f3n cada...\" \/>\n<meta property=\"og:url\" content=\"https:\/\/buressa.com\/es\/?p=2314\" \/>\n<meta property=\"og:site_name\" content=\"Bur\u00e9s S.A.U.\" \/>\n<meta property=\"article:published_time\" content=\"2022-11-10T08:29:45+00:00\" \/>\n<meta property=\"article:modified_time\" content=\"2022-11-21T07:23:36+00:00\" \/>\n<meta property=\"og:image\" content=\"https:\/\/buressa.com\/wp-content\/uploads\/2022\/11\/AdobeStock_299850252.jpg\" \/>\n\t<meta property=\"og:image:width\" content=\"500\" \/>\n\t<meta property=\"og:image:height\" content=\"332\" \/>\n\t<meta property=\"og:image:type\" content=\"image\/jpeg\" \/>\n<meta name=\"author\" content=\"bures\" \/>\n<meta name=\"twitter:card\" content=\"summary_large_image\" \/>\n<meta name=\"twitter:label1\" content=\"Escrito por\" \/>\n\t<meta name=\"twitter:data1\" content=\"bures\" \/>\n\t<meta name=\"twitter:label2\" content=\"Tiempo de lectura\" \/>\n\t<meta name=\"twitter:data2\" content=\"2 minutos\" \/>\n<script type=\"application\/ld+json\" class=\"yoast-schema-graph\">{\"@context\":\"https:\/\/schema.org\",\"@graph\":[{\"@type\":\"Article\",\"@id\":\"https:\/\/buressa.com\/es\/?p=2314#article\",\"isPartOf\":{\"@id\":\"https:\/\/buressa.com\/es\/?p=2314\"},\"author\":{\"name\":\"bures\",\"@id\":\"https:\/\/buressa.com\/en\/#\/schema\/person\/90b7f2315213d40a62b27b946853c8dd\"},\"headline\":\"VIII\u00aa Jornada T\u00e8cnica Bur\u00e9s\",\"datePublished\":\"2022-11-10T08:29:45+00:00\",\"dateModified\":\"2022-11-21T07:23:36+00:00\",\"mainEntityOfPage\":{\"@id\":\"https:\/\/buressa.com\/es\/?p=2314\"},\"wordCount\":467,\"commentCount\":0,\"publisher\":{\"@id\":\"https:\/\/buressa.com\/en\/#organization\"},\"keywords\":[\"innovaci\u00f3\",\"jardineria sostenible\",\"jornada t\u00e8cnica\",\"novetats\",\"sostenibilitat\"],\"articleSection\":[\"Destacadas\",\"Eventos\",\"Jardiner\u00eda\",\"Noticias\"],\"inLanguage\":\"es\",\"potentialAction\":[{\"@type\":\"CommentAction\",\"name\":\"Comment\",\"target\":[\"https:\/\/buressa.com\/es\/?p=2314#respond\"]}]},{\"@type\":\"WebPage\",\"@id\":\"https:\/\/buressa.com\/es\/?p=2314\",\"url\":\"https:\/\/buressa.com\/es\/?p=2314\",\"name\":\"[:es]VIII\u00aa Jornada T\u00e8cnica Bur\u00e9s[:ca]VIII\u00aa Jornada T\u00e9cnica Bur\u00e9s[:] - Bur\u00e9s S.A.U.\",\"isPartOf\":{\"@id\":\"https:\/\/buressa.com\/en\/#website\"},\"datePublished\":\"2022-11-10T08:29:45+00:00\",\"dateModified\":\"2022-11-21T07:23:36+00:00\",\"breadcrumb\":{\"@id\":\"https:\/\/buressa.com\/es\/?p=2314#breadcrumb\"},\"inLanguage\":\"es\",\"potentialAction\":[{\"@type\":\"ReadAction\",\"target\":[\"https:\/\/buressa.com\/es\/?p=2314\"]}]},{\"@type\":\"BreadcrumbList\",\"@id\":\"https:\/\/buressa.com\/es\/?p=2314#breadcrumb\",\"itemListElement\":[{\"@type\":\"ListItem\",\"position\":1,\"name\":\"Portada\",\"item\":\"https:\/\/buressa.com\/en\/\"},{\"@type\":\"ListItem\",\"position\":2,\"name\":\"VIII\u00aa Jornada T\u00e8cnica Bur\u00e9s\"}]},{\"@type\":\"WebSite\",\"@id\":\"https:\/\/buressa.com\/en\/#website\",\"url\":\"https:\/\/buressa.com\/en\/\",\"name\":\"Bur\u00e9s S.A.U.\",\"description\":\"Bur\u00e9s, la buena tierra. Fabricantes de tierras y sustratos para jardiner\u00eda.\",\"publisher\":{\"@id\":\"https:\/\/buressa.com\/en\/#organization\"},\"potentialAction\":[{\"@type\":\"SearchAction\",\"target\":{\"@type\":\"EntryPoint\",\"urlTemplate\":\"https:\/\/buressa.com\/en\/?s={search_term_string}\"},\"query-input\":\"required name=search_term_string\"}],\"inLanguage\":\"es\"},{\"@type\":\"Organization\",\"@id\":\"https:\/\/buressa.com\/en\/#organization\",\"name\":\"BUR\u00c9S, S.A.U.\",\"url\":\"https:\/\/buressa.com\/en\/\",\"logo\":{\"@type\":\"ImageObject\",\"inLanguage\":\"es\",\"@id\":\"https:\/\/buressa.com\/en\/#\/schema\/logo\/image\/\",\"url\":\"https:\/\/buressa.com\/wp-content\/uploads\/2015\/06\/bures-sense-marge-marro_ok.png\",\"contentUrl\":\"https:\/\/buressa.com\/wp-content\/uploads\/2015\/06\/bures-sense-marge-marro_ok.png\",\"width\":141,\"height\":102,\"caption\":\"BUR\u00c9S, S.A.U.\"},\"image\":{\"@id\":\"https:\/\/buressa.com\/en\/#\/schema\/logo\/image\/\"}},{\"@type\":\"Person\",\"@id\":\"https:\/\/buressa.com\/en\/#\/schema\/person\/90b7f2315213d40a62b27b946853c8dd\",\"name\":\"bures\",\"image\":{\"@type\":\"ImageObject\",\"inLanguage\":\"es\",\"@id\":\"https:\/\/buressa.com\/en\/#\/schema\/person\/image\/\",\"url\":\"https:\/\/secure.gravatar.com\/avatar\/1d57190cce1406166451c78b10c7cc8c?s=96&d=mm&r=g\",\"contentUrl\":\"https:\/\/secure.gravatar.com\/avatar\/1d57190cce1406166451c78b10c7cc8c?s=96&d=mm&r=g\",\"caption\":\"bures\"}}]}<\/script>\n<!-- \/ Yoast SEO plugin. -->","yoast_head_json":{"title":"[:es]VIII\u00aa Jornada T\u00e8cnica Bur\u00e9s[:ca]VIII\u00aa Jornada T\u00e9cnica Bur\u00e9s[:] - Bur\u00e9s S.A.U.","robots":{"index":"index","follow":"follow","max-snippet":"max-snippet:-1","max-image-preview":"max-image-preview:large","max-video-preview":"max-video-preview:-1"},"canonical":"https:\/\/buressa.com\/es\/?p=2314","og_locale":"es_ES","og_type":"article","og_title":"[:es]VIII\u00aa Jornada T\u00e8cnica Bur\u00e9s[:ca]VIII\u00aa Jornada T\u00e9cnica Bur\u00e9s[:] - Bur\u00e9s S.A.U.","og_description":"\u00a0JARINDERIA DE BAIX CONSUM D\u2019AIGUA Alternativa sostenible a la jardineria tradicional El proper dimecres 23 de novembre tindr\u00e0 lloc la VIII\u00aa Jornada T\u00e8cnica Bur\u00e9s sota el t\u00edtol de &#8220;JARDINERIA DE BAIX CONSUM, Alternativa sostenible a la jardineria tradicional&#8221;. L\u2019augment de les temperatures que han fulminat r\u00e8cords hist\u00f2rics i els continuats episodis de sequera s\u00f3n cada...","og_url":"https:\/\/buressa.com\/es\/?p=2314","og_site_name":"Bur\u00e9s S.A.U.","article_published_time":"2022-11-10T08:29:45+00:00","article_modified_time":"2022-11-21T07:23:36+00:00","og_image":[{"width":500,"height":332,"url":"https:\/\/buressa.com\/wp-content\/uploads\/2022\/11\/AdobeStock_299850252.jpg","type":"image\/jpeg"}],"author":"bures","twitter_card":"summary_large_image","twitter_misc":{"Escrito por":"bures","Tiempo de lectura":"2 minutos"},"schema":{"@context":"https:\/\/schema.org","@graph":[{"@type":"Article","@id":"https:\/\/buressa.com\/es\/?p=2314#article","isPartOf":{"@id":"https:\/\/buressa.com\/es\/?p=2314"},"author":{"name":"bures","@id":"https:\/\/buressa.com\/en\/#\/schema\/person\/90b7f2315213d40a62b27b946853c8dd"},"headline":"VIII\u00aa Jornada T\u00e8cnica Bur\u00e9s","datePublished":"2022-11-10T08:29:45+00:00","dateModified":"2022-11-21T07:23:36+00:00","mainEntityOfPage":{"@id":"https:\/\/buressa.com\/es\/?p=2314"},"wordCount":467,"commentCount":0,"publisher":{"@id":"https:\/\/buressa.com\/en\/#organization"},"keywords":["innovaci\u00f3","jardineria sostenible","jornada t\u00e8cnica","novetats","sostenibilitat"],"articleSection":["Destacadas","Eventos","Jardiner\u00eda","Noticias"],"inLanguage":"es","potentialAction":[{"@type":"CommentAction","name":"Comment","target":["https:\/\/buressa.com\/es\/?p=2314#respond"]}]},{"@type":"WebPage","@id":"https:\/\/buressa.com\/es\/?p=2314","url":"https:\/\/buressa.com\/es\/?p=2314","name":"[:es]VIII\u00aa Jornada T\u00e8cnica Bur\u00e9s[:ca]VIII\u00aa Jornada T\u00e9cnica Bur\u00e9s[:] - Bur\u00e9s S.A.U.","isPartOf":{"@id":"https:\/\/buressa.com\/en\/#website"},"datePublished":"2022-11-10T08:29:45+00:00","dateModified":"2022-11-21T07:23:36+00:00","breadcrumb":{"@id":"https:\/\/buressa.com\/es\/?p=2314#breadcrumb"},"inLanguage":"es","potentialAction":[{"@type":"ReadAction","target":["https:\/\/buressa.com\/es\/?p=2314"]}]},{"@type":"BreadcrumbList","@id":"https:\/\/buressa.com\/es\/?p=2314#breadcrumb","itemListElement":[{"@type":"ListItem","position":1,"name":"Portada","item":"https:\/\/buressa.com\/en\/"},{"@type":"ListItem","position":2,"name":"VIII\u00aa Jornada T\u00e8cnica Bur\u00e9s"}]},{"@type":"WebSite","@id":"https:\/\/buressa.com\/en\/#website","url":"https:\/\/buressa.com\/en\/","name":"Bur\u00e9s S.A.U.","description":"Bur\u00e9s, la buena tierra. Fabricantes de tierras y sustratos para jardiner\u00eda.","publisher":{"@id":"https:\/\/buressa.com\/en\/#organization"},"potentialAction":[{"@type":"SearchAction","target":{"@type":"EntryPoint","urlTemplate":"https:\/\/buressa.com\/en\/?s={search_term_string}"},"query-input":"required name=search_term_string"}],"inLanguage":"es"},{"@type":"Organization","@id":"https:\/\/buressa.com\/en\/#organization","name":"BUR\u00c9S, S.A.U.","url":"https:\/\/buressa.com\/en\/","logo":{"@type":"ImageObject","inLanguage":"es","@id":"https:\/\/buressa.com\/en\/#\/schema\/logo\/image\/","url":"https:\/\/buressa.com\/wp-content\/uploads\/2015\/06\/bures-sense-marge-marro_ok.png","contentUrl":"https:\/\/buressa.com\/wp-content\/uploads\/2015\/06\/bures-sense-marge-marro_ok.png","width":141,"height":102,"caption":"BUR\u00c9S, S.A.U."},"image":{"@id":"https:\/\/buressa.com\/en\/#\/schema\/logo\/image\/"}},{"@type":"Person","@id":"https:\/\/buressa.com\/en\/#\/schema\/person\/90b7f2315213d40a62b27b946853c8dd","name":"bures","image":{"@type":"ImageObject","inLanguage":"es","@id":"https:\/\/buressa.com\/en\/#\/schema\/person\/image\/","url":"https:\/\/secure.gravatar.com\/avatar\/1d57190cce1406166451c78b10c7cc8c?s=96&d=mm&r=g","contentUrl":"https:\/\/secure.gravatar.com\/avatar\/1d57190cce1406166451c78b10c7cc8c?s=96&d=mm&r=g","caption":"bures"}}]}},"_links":{"self":[{"href":"https:\/\/buressa.com\/es\/wp-json\/wp\/v2\/posts\/2314"}],"collection":[{"href":"https:\/\/buressa.com\/es\/wp-json\/wp\/v2\/posts"}],"about":[{"href":"https:\/\/buressa.com\/es\/wp-json\/wp\/v2\/types\/post"}],"author":[{"embeddable":true,"href":"https:\/\/buressa.com\/es\/wp-json\/wp\/v2\/users\/1"}],"replies":[{"embeddable":true,"href":"https:\/\/buressa.com\/es\/wp-json\/wp\/v2\/comments?post=2314"}],"version-history":[{"count":0,"href":"https:\/\/buressa.com\/es\/wp-json\/wp\/v2\/posts\/2314\/revisions"}],"wp:featuredmedia":[{"embeddable":true,"href":"https:\/\/buressa.com\/es\/wp-json\/wp\/v2\/media\/2316"}],"wp:attachment":[{"href":"https:\/\/buressa.com\/es\/wp-json\/wp\/v2\/media?parent=2314"}],"wp:term":[{"taxonomy":"category","embeddable":true,"href":"https:\/\/buressa.com\/es\/wp-json\/wp\/v2\/categories?post=2314"},{"taxonomy":"post_tag","embeddable":true,"href":"https:\/\/buressa.com\/es\/wp-json\/wp\/v2\/tags?post=2314"}],"curies":[{"name":"wp","href":"https:\/\/api.w.org\/{rel}","templated":true}]}}